{"id":16163,"date":"2025-09-05T12:35:08","date_gmt":"2025-09-05T12:35:08","guid":{"rendered":"https:\/\/www.lamello.hu\/ueber-uns-lamello-design-und-technologie-in-der-welt-der-designermoebel\/"},"modified":"2025-09-05T12:35:08","modified_gmt":"2025-09-05T12:35:08","slug":"ueber-uns-lamello-design-und-technologie-in-der-welt-der-designermoebel","status":"publish","type":"post","link":"https:\/\/www.lamello.hu\/de\/ueber-uns-lamello-design-und-technologie-in-der-welt-der-designermoebel\/","title":{"rendered":"\u00dcBER UNS: Lamello, Design und Technologie in der Welt der Designerm\u00f6bel"},"content":{"rendered":"<p><main id=\"main\" class=\"site-main clr\" role=\"main\"><\/p>\n<div id=\"content-wrap\" class=\"container clr\">\n<div id=\"primary\" class=\"content-area clr\">\n<div id=\"content\" class=\"site-content clr\">\n<article id=\"post-12179\">\n<div class=\"entry-content clr\">\n<div class=\"elementor elementor-12179 elementor-motion-effects-parent\" data-elementor-type=\"wp-post\" data-elementor-id=\"12179\" data-elementor-post-type=\"post\">\n<section class=\"has_eae_slider elementor-section elementor-top-section elementor-element elementor-element-58a580f elementor-section-boxed elementor-section-height-default elementor-section-height-default\" data-eae-slider=\"78365\" data-id=\"58a580f\" data-element_type=\"section\">\n<div class=\"elementor-container elementor-column-gap-default\">\n<div class=\"has_eae_slider elementor-column elementor-col-100 elementor-top-column elementor-element elementor-element-6fbb102\" data-eae-slider=\"67773\" data-id=\"6fbb102\" data-element_type=\"column\">\n<div class=\"elementor-widget-wrap elementor-element-populated\">\n<div class=\"elementor-element elementor-element-cf298e7 elementor-widget elementor-widget-text-editor\" data-id=\"cf298e7\" data-element_type=\"widget\" data-widget_type=\"text-editor.default\">\n<div class=\"elementor-widget-container\">\n<p><strong>Unten k\u00f6nnen Sie den Artikel \u00fcber uns in der Zeitschrift Robinwood lesen. Wir sind sehr stolz darauf, deshalb ver\u00f6ffentlichen wir ihn so, wie er urspr\u00fcnglich erschienen ist, ohne jegliche \u00c4nderungen. <\/strong><\/p>\n<\/div>\n<\/div>\n<\/div>\n<\/div>\n<\/div>\n<\/section>\n<section class=\"has_eae_slider elementor-section elementor-top-section elementor-element elementor-element-7049695 elementor-section-boxed elementor-section-height-default elementor-section-height-default\" data-eae-slider=\"8842\" data-id=\"7049695\" data-element_type=\"section\">\n<div class=\"elementor-container elementor-column-gap-default\">\n<div class=\"has_eae_slider elementor-column elementor-col-100 elementor-top-column elementor-element elementor-element-388b572\" data-eae-slider=\"3635\" data-id=\"388b572\" data-element_type=\"column\">\n<div class=\"elementor-widget-wrap elementor-element-populated\">\n<div class=\"elementor-element elementor-element-f07d5c5 elementor-widget elementor-widget-text-editor\" data-id=\"f07d5c5\" data-element_type=\"widget\" data-widget_type=\"text-editor.default\">\n<div class=\"elementor-widget-container\">\n<div class=\"page\" title=\"Seite 1\">\n<div class=\"section\">\n<div class=\"layoutArea\">\n<div class=\"column\">\n<p>Der obige Titel scheint gro\u00dfz\u00fcgig, aber er ist wahr. Als wir den Hauptsitz des Unternehmens in Kaposv\u00e1r besuchten, waren wir ziemlich \u00fcberrascht. Es handelt sich um ein Unternehmen, das den gesamten Herstellungsprozess abdeckt, bei dem von der Auswahl der St\u00e4mme \u00fcber den gesamten Design- und Produktionsprozess bis hin zum letzten Element des Verkaufskonzepts alles vorhanden ist. Es gibt also nicht viele Unternehmen dieser Art in Ungarn.  <\/p>\n<p>Aber die eigentliche Frage, auf die wir Antworten suchen, ist, welchen Wert diese Art des Denkens und des Aufbaus von Unternehmen auf dem heutigen europ\u00e4ischen Markt hat.<\/p>\n<p>Eines ist sicher, das komplexe Wissen und die Erfahrung des Unternehmens und der Gesch\u00e4ftsf\u00fchrung von Lamello sind eine Garantie f\u00fcr Sicherheit, ein hohes Ma\u00df an Unabh\u00e4ngigkeit und vor allem eine Garantie f\u00fcr Qualit\u00e4t.<\/p>\n<p>Das Unternehmen ist ein 100%iger Familienbetrieb, der 1993 gegr\u00fcndet wurde und sich von Anfang an auf die Herstellung von M\u00f6beln konzentrierte. Alle Familienmitglieder sind noch im Unternehmen t\u00e4tig. Bewusstes Bauen war schon immer ein Schl\u00fcsselfaktor, nicht nur bei der Entwicklung von Infrastruktur und Technologie, sondern auch bei der Ausbildung neuer Generationen. Das Unternehmen hat sich in den letzten 3 Jahrzehnten durch das Fachwissen von Holzingenieuren, architektonischem Denken und Ingenieurdisziplinen im Allgemeinen weiterentwickelt.    <\/p>\n<p>Das Gleichgewicht zwischen einem technischen Ansatz und den Anforderungen des Vertriebs ist in jedem einzelnen Teil des Portfolios zu erkennen.<\/p>\n<\/div>\n<div class=\"column\">\n<p>Die Vision eines Unternehmens, das in den neunziger Jahren gegr\u00fcndet wurde, gilt immer noch als k\u00fchn, vielleicht sogar noch mehr als damals. Den gesamten Produktionsprozess zu verstehen und zu \u00fcberwachen und dann ein unabh\u00e4ngiges, sich selbst tragendes Verkaufskonzept aufzubauen, wobei ein Teil der Design- und Gestaltungsarbeit im eigenen Haus erfolgt, ist eine komplexe und hochqualifizierte Aufgabe. <\/p>\n<p>Heute besch\u00e4ftigt das Unternehmen fast 100 Mitarbeiter und verf\u00fcgt \u00fcber einen eigenen Ausstellungsraum, einen Webshop und ein einzigartiges Sortiment an Designm\u00f6beln aus Massivholz. In Zusammenarbeit mit in- und ausl\u00e4ndischen Designern wird die Produktpalette, die sich in Europa gut vermarkten l\u00e4sst, st\u00e4ndig erweitert und bunter. <\/p>\n<p>W\u00e4hrend unseres Besuchs \u00fcbernahm Mikl\u00f3s D\u00e9vai, der Partner, der f\u00fcr den reibungslosen Ablauf von Verkauf und Produktion verantwortlich ist, die Rolle des Gastgebers und F\u00fchrers.<\/p>\n<p>Gl\u00fccklicherweise ist es in Somogy vielleicht einfacher als in anderen Teilen des Landes, an qualitativ hochwertiges Rohmaterial, n\u00e4mlich Eichenholz, zu kommen, das wir in gro\u00dfen Mengen verwenden. Trotzdem k\u00fcmmern wir uns selbst um die Auswahl des Rohmaterials, die Sortierung, die Verarbeitung des Holzes und &#8211; was vielleicht am wichtigsten ist &#8211; die Koordination der Trocknung. <\/p>\n<p>Wir arbeiten mit lebendem Material, daher sind Kenntnisse \u00fcber Holz sowie Erfahrung in der Verarbeitung und Trocknung in diesem Bereich von gr\u00f6\u00dfter Bedeutung.<\/p>\n<\/div>\n<div class=\"column\">\n<p><strong>Nat\u00fcrlich bietet ein solches Rohmaterial einen soliden Hintergrund und ist f\u00fcr Kunden sehr \u00fcberzeugend, aber es ist auch eine Menge zus\u00e4tzlicher Arbeit und eine gro\u00dfe Investition. Ist es das wert? <\/strong><\/p>\n<p>Diese Art von ganzheitlicher Vision ist von Anfang an ein Merkmal unseres Unternehmens gewesen. Nat\u00fcrlich hat mein Vater als Gr\u00fcnder und CEO des Unternehmens dabei ein entscheidendes Wort mitzureden. Es stimmt, dass die Haltung eines gro\u00dfen Rohstofflagers ein starkes und liquides Unternehmen erfordert, aber es ist eine Voraussetzung f\u00fcr eine kontinuierliche Produktion von hoher Qualit\u00e4t.  <\/p>\n<p><strong>Nachdem das Holz getrocknet ist, wird das Grundmaterial in Friese geschnitten und die Plattenmaterialien werden vorbereitet. Es ist eine Kombination aus hochqualifizierter Handarbeit und modernster Technologie. <\/strong><\/p>\n<p><strong>F\u00fcr wie wichtig halten Sie diesen Prozess?<\/strong><\/p>\n<p>Hochwertige Materialien sind bei der Herstellung von Massivholz-Designm\u00f6beln unerl\u00e4sslich. Die Menschen, die die Materialien ausw\u00e4hlen, kombinieren und qualifizieren, verf\u00fcgen \u00fcber jahrzehntelange Erfahrung und Routine. Mit anderen Worten: Exzellente Technik und ein hohes Ma\u00df an Mechanisierung sind vergebens, wenn es an Fachwissen fehlt. Wir sind bestrebt, dieses Gleichgewicht in allen Bereichen der Produktion zu erreichen.   <\/p>\n<div class=\"page\" title=\"Seite 2\">\n<div class=\"layoutArea\">\n<div class=\"column\">\n<p><strong>Die Bearbeitung von Massivholz ist heute ohne CNC-Maschinen nicht mehr denkbar. Was sind in diesem Bereich und bei der Entwicklung der Technologie im Allgemeinen die dominierenden Auswahlkriterien bei Lamello? <\/strong><\/p>\n<p>Wir suchen nach der besten L\u00f6sung in dem jeweiligen Bereich, genauer gesagt, nach der optimalen L\u00f6sung f\u00fcr die jeweilige Aufgabe. Die meisten unserer Bearbeitungsmaschinen sind von BIESSE. Einfach f\u00fcr unseren Stil und die Qualit\u00e4t, die wir erwarten, sind die Dienstleistungen und das Portfolio von Formance Ltd. ideal. Die Zusammenarbeit zwischen den beiden Unternehmen reicht mehr als zwei Jahrzehnte zur\u00fcck. F\u00fcr uns war es wichtig, dass es eine konstruktive Partnerschaft zwischen uns und dem Unternehmen gibt, das uns bei der Entwicklung der Technologie unterst\u00fctzt.     <\/p>\n<p>Oberfl\u00e4chenvorbereitung, Korpusmontage, CNC-Bearbeitung, ich k\u00f6nnte einige der Bereiche aufz\u00e4hlen, in denen sie uns L\u00f6sungen f\u00fcr die anstehenden Aufgaben bieten.<\/p>\n<p>Was die Entwicklung der Produktion betrifft, so erhalten wir von ihnen bereits in der Visionsphase Hilfe, und wir arbeiten immer zusammen, um die optimalen L\u00f6sungen zu finden.<br \/>\nUm auf die Massivholzbearbeitung zur\u00fcckzukommen, haben wir vor zwanzig Jahren unsere erste CNC-Maschine, ein Biesse Rover-Bearbeitungszentrum, gekauft. Heute haben wir f\u00fcnf BIESSE Rover, die uns helfen, schnell und in hoher Qualit\u00e4t zu produzieren, drei davon sind 5-Achsen-Maschinen. <\/p>\n<p>Ich denke, dass dies ein national herausragendes Potenzial ist und es zeigt perfekt die Mentalit\u00e4t, die wir gesucht und im Formance-Team gefunden haben.<\/p>\n<p>Ich will kein Klischee sein, aber heutzutage will niemand mehr nur eine Maschine kaufen, sondern eine zuverl\u00e4ssige Maschine, Hilfe bei Problemen, schnelle Ersatzteile. Wir haben gesehen, dass Formance im Laufe der Jahre sehr viel Energie in seinen Ausstellungsraum, in die Ausbildung seines Servicepersonals und in sein Ersatzteillager investiert hat. <\/p>\n<p>Maschinen sind zunehmend abh\u00e4ngig von der Software, die sie steuert. Die Software von Biesse ist einfach zu bedienen, benutzerfreundlich und der Support von Formance ist f\u00fcr uns sehr n\u00fctzlich. <\/p>\n<p><strong>Bei der Produktentwicklung arbeiten wir sowohl mit externen Designern als auch mit internen Designern zusammen. Das Preis-\/Wertverh\u00e4ltnis unserer Produkte ist an den europ\u00e4ischen Markt angepasst. Wie reif ist Ihrer Meinung nach der heimische Markt f\u00fcr diese Qualit\u00e4t?  <\/strong><\/p>\n<\/div>\n<div class=\"column\">\n<p>Wir sind in vielen L\u00e4ndern Europas vertreten, aber wir wissen und sp\u00fcren, dass der heimische Markt in vielerlei Hinsicht schwieriger ist. Wir glauben fest an die Herstellung von Qualit\u00e4tsm\u00f6beln und sehen eine wachsende Nachfrage nach Designm\u00f6beln aus Massivholz. Wir sehen auch, dass es ein enges Segment gibt, in dem unser Angebot relevant sein kann, aber wir k\u00f6nnen ohne sehr gezielte Marketingarbeit nicht erfolgreich sein.  <\/p>\n<p>Apropos Marketing: Vielleicht w\u00e4re der Titel<br \/>\n&#8222;vom Baumstamm zum Ausstellungsraum&#8220; passender gewesen&#8230; <\/p>\n<p>Ja, wir gehen unsere eigenen Wege, ein bisschen anders als der Markt. Wir versuchen sicherzustellen, dass das Verst\u00e4ndnis und die Beziehung zu unseren Kunden so ist, wie wir es uns w\u00fcnschen. Es ist wichtig, dass wir den wahren Wert unserer M\u00f6bel zeigen k\u00f6nnen. Nicht nur, weil wir stolz auf sie sind, sondern weil sie sich sonst nicht verkaufen lassen.   <\/p>\n<p>Deshalb haben wir unseren Showroom und unseren Webshop eingerichtet.<br \/>\nKunden m\u00fcssen wissen, was sie f\u00fcr ihr Geld bekommen. Nicht jeder kann ein Holzingenieur sein, wir k\u00f6nnen nicht davon ausgehen, dass sie den zugrunde liegenden Inhalt &#8218;verstehen&#8216;. Daher ist es unsere Aufgabe, korrekte Informationen zu liefern. Generationen von Design und Materialien, alles in hoher Qualit\u00e4t, das ist es, was wir mit unseren M\u00f6beln vermitteln wollen.   <\/p>\n<\/div>\n<\/div>\n<\/div>\n<\/div>\n<\/div>\n<\/div>\n<\/div>\n<\/div>\n<\/div>\n<\/div>\n<\/div>\n<\/div>\n<\/section>\n<\/div>\n<\/div>\n<\/article>\n<\/div>\n<\/div>\n<\/div>\n<p><\/main><\/p>\n<div class=\"elementor elementor-157 elementor-location-footer\" data-elementor-type=\"footer\" data-elementor-id=\"157\" data-elementor-post-type=\"elementor_library\"><\/div>\n","protected":false},"excerpt":{"rendered":"<p>Unten k\u00f6nnen Sie den Artikel \u00fcber uns in der Zeitschrift Robinwood lesen. Wir sind sehr stolz darauf, deshalb ver\u00f6ffentlichen wir ihn so, wie er urspr\u00fcnglich erschienen ist, ohne jegliche \u00c4nderungen. Der obige Titel scheint gro\u00dfz\u00fcgig, aber er ist wahr. Als wir den Hauptsitz des Unternehmens in Kaposv\u00e1r besuchten, waren wir ziemlich \u00fcberrascht. Es handelt sich [&hellip;]<\/p>\n","protected":false},"author":1,"featured_media":15909,"comment_status":"closed","ping_status":"closed","sticky":false,"template":"","format":"standard","meta":{"_acf_changed":false,"footnotes":""},"categories":[33],"tags":[],"class_list":["post-16163","post","type-post","status-publish","format-standard","has-post-thumbnail","hentry","category-unkategorisiert"],"acf":[],"yoast_head":"<!-- This site is optimized with the Yoast SEO plugin v26.0 - https:\/\/yoast.com\/wordpress\/plugins\/seo\/ -->\n<title>\u00dcBER UNS: Lamello, Design und Technologie in der Welt der Designerm\u00f6bel - Lamello<\/title>\n<meta name=\"robots\" content=\"index, follow, max-snippet:-1, max-image-preview:large, max-video-preview:-1\" \/>\n<link rel=\"canonical\" href=\"https:\/\/www.lamello.hu\/de\/ueber-uns-lamello-design-und-technologie-in-der-welt-der-designermoebel\/\" \/>\n<meta property=\"og:locale\" content=\"de_DE\" \/>\n<meta property=\"og:type\" content=\"article\" \/>\n<meta property=\"og:title\" content=\"\u00dcBER UNS: Lamello, Design und Technologie in der Welt der Designerm\u00f6bel - Lamello\" \/>\n<meta property=\"og:description\" content=\"Unten k\u00f6nnen Sie den Artikel \u00fcber uns in der Zeitschrift Robinwood lesen. Wir sind sehr stolz darauf, deshalb ver\u00f6ffentlichen wir ihn so, wie er urspr\u00fcnglich erschienen ist, ohne jegliche \u00c4nderungen. Der obige Titel scheint gro\u00dfz\u00fcgig, aber er ist wahr. Als wir den Hauptsitz des Unternehmens in Kaposv\u00e1r besuchten, waren wir ziemlich \u00fcberrascht. Es handelt sich [&hellip;]\" \/>\n<meta property=\"og:url\" content=\"https:\/\/www.lamello.hu\/de\/ueber-uns-lamello-design-und-technologie-in-der-welt-der-designermoebel\/\" \/>\n<meta property=\"og:site_name\" content=\"Lamello\" \/>\n<meta property=\"article:published_time\" content=\"2025-09-05T12:35:08+00:00\" \/>\n<meta property=\"og:image\" content=\"https:\/\/www.lamello.hu\/wp-content\/uploads\/2025\/08\/Acerro_fk_Milieu01_16.jpg\" \/>\n\t<meta property=\"og:image:width\" content=\"1920\" \/>\n\t<meta property=\"og:image:height\" content=\"1195\" \/>\n\t<meta property=\"og:image:type\" content=\"image\/jpeg\" \/>\n<meta name=\"author\" content=\"admin\" \/>\n<meta name=\"twitter:card\" content=\"summary_large_image\" \/>\n<meta name=\"twitter:label1\" content=\"Verfasst von\" \/>\n\t<meta name=\"twitter:data1\" content=\"admin\" \/>\n\t<meta name=\"twitter:label2\" content=\"Gesch\u00e4tzte Lesezeit\" \/>\n\t<meta name=\"twitter:data2\" content=\"6\u00a0Minuten\" \/>\n<script type=\"application\/ld+json\" class=\"yoast-schema-graph\">{\"@context\":\"https:\/\/schema.org\",\"@graph\":[{\"@type\":\"WebPage\",\"@id\":\"https:\/\/www.lamello.hu\/de\/ueber-uns-lamello-design-und-technologie-in-der-welt-der-designermoebel\/\",\"url\":\"https:\/\/www.lamello.hu\/de\/ueber-uns-lamello-design-und-technologie-in-der-welt-der-designermoebel\/\",\"name\":\"\u00dcBER UNS: Lamello, Design und Technologie in der Welt der Designerm\u00f6bel - Lamello\",\"isPartOf\":{\"@id\":\"https:\/\/www.lamello.hu\/#website\"},\"primaryImageOfPage\":{\"@id\":\"https:\/\/www.lamello.hu\/de\/ueber-uns-lamello-design-und-technologie-in-der-welt-der-designermoebel\/#primaryimage\"},\"image\":{\"@id\":\"https:\/\/www.lamello.hu\/de\/ueber-uns-lamello-design-und-technologie-in-der-welt-der-designermoebel\/#primaryimage\"},\"thumbnailUrl\":\"https:\/\/www.lamello.hu\/wp-content\/uploads\/2025\/08\/Acerro_fk_Milieu01_16.jpg\",\"datePublished\":\"2025-09-05T12:35:08+00:00\",\"author\":{\"@id\":\"https:\/\/www.lamello.hu\/#\/schema\/person\/064551f5815fb03895ce9cfc3c1197b0\"},\"breadcrumb\":{\"@id\":\"https:\/\/www.lamello.hu\/de\/ueber-uns-lamello-design-und-technologie-in-der-welt-der-designermoebel\/#breadcrumb\"},\"inLanguage\":\"de\",\"potentialAction\":[{\"@type\":\"ReadAction\",\"target\":[\"https:\/\/www.lamello.hu\/de\/ueber-uns-lamello-design-und-technologie-in-der-welt-der-designermoebel\/\"]}]},{\"@type\":\"ImageObject\",\"inLanguage\":\"de\",\"@id\":\"https:\/\/www.lamello.hu\/de\/ueber-uns-lamello-design-und-technologie-in-der-welt-der-designermoebel\/#primaryimage\",\"url\":\"https:\/\/www.lamello.hu\/wp-content\/uploads\/2025\/08\/Acerro_fk_Milieu01_16.jpg\",\"contentUrl\":\"https:\/\/www.lamello.hu\/wp-content\/uploads\/2025\/08\/Acerro_fk_Milieu01_16.jpg\",\"width\":1920,\"height\":1195},{\"@type\":\"BreadcrumbList\",\"@id\":\"https:\/\/www.lamello.hu\/de\/ueber-uns-lamello-design-und-technologie-in-der-welt-der-designermoebel\/#breadcrumb\",\"itemListElement\":[{\"@type\":\"ListItem\",\"position\":1,\"name\":\"Home\",\"item\":\"https:\/\/www.lamello.hu\/de\/\"},{\"@type\":\"ListItem\",\"position\":2,\"name\":\"\u00dcBER UNS: Lamello, Design und Technologie in der Welt der Designerm\u00f6bel\"}]},{\"@type\":\"WebSite\",\"@id\":\"https:\/\/www.lamello.hu\/#website\",\"url\":\"https:\/\/www.lamello.hu\/\",\"name\":\"Lamello\",\"description\":\"B\u00fator\",\"potentialAction\":[{\"@type\":\"SearchAction\",\"target\":{\"@type\":\"EntryPoint\",\"urlTemplate\":\"https:\/\/www.lamello.hu\/?s={search_term_string}\"},\"query-input\":{\"@type\":\"PropertyValueSpecification\",\"valueRequired\":true,\"valueName\":\"search_term_string\"}}],\"inLanguage\":\"de\"},{\"@type\":\"Person\",\"@id\":\"https:\/\/www.lamello.hu\/#\/schema\/person\/064551f5815fb03895ce9cfc3c1197b0\",\"name\":\"admin\",\"image\":{\"@type\":\"ImageObject\",\"inLanguage\":\"de\",\"@id\":\"https:\/\/www.lamello.hu\/#\/schema\/person\/image\/\",\"url\":\"https:\/\/secure.gravatar.com\/avatar\/b9440a01acbe311cd19761ceb78ceb8d42f3e23a7bbebb88db6e641440f8db40?s=96&d=mm&r=g\",\"contentUrl\":\"https:\/\/secure.gravatar.com\/avatar\/b9440a01acbe311cd19761ceb78ceb8d42f3e23a7bbebb88db6e641440f8db40?s=96&d=mm&r=g\",\"caption\":\"admin\"},\"url\":\"https:\/\/www.lamello.hu\/de\/author\/admin\/\"}]}<\/script>\n<!-- \/ Yoast SEO plugin. -->","yoast_head_json":{"title":"\u00dcBER UNS: Lamello, Design und Technologie in der Welt der Designerm\u00f6bel - Lamello","robots":{"index":"index","follow":"follow","max-snippet":"max-snippet:-1","max-image-preview":"max-image-preview:large","max-video-preview":"max-video-preview:-1"},"canonical":"https:\/\/www.lamello.hu\/de\/ueber-uns-lamello-design-und-technologie-in-der-welt-der-designermoebel\/","og_locale":"de_DE","og_type":"article","og_title":"\u00dcBER UNS: Lamello, Design und Technologie in der Welt der Designerm\u00f6bel - Lamello","og_description":"Unten k\u00f6nnen Sie den Artikel \u00fcber uns in der Zeitschrift Robinwood lesen. Wir sind sehr stolz darauf, deshalb ver\u00f6ffentlichen wir ihn so, wie er urspr\u00fcnglich erschienen ist, ohne jegliche \u00c4nderungen. Der obige Titel scheint gro\u00dfz\u00fcgig, aber er ist wahr. Als wir den Hauptsitz des Unternehmens in Kaposv\u00e1r besuchten, waren wir ziemlich \u00fcberrascht. Es handelt sich [&hellip;]","og_url":"https:\/\/www.lamello.hu\/de\/ueber-uns-lamello-design-und-technologie-in-der-welt-der-designermoebel\/","og_site_name":"Lamello","article_published_time":"2025-09-05T12:35:08+00:00","og_image":[{"width":1920,"height":1195,"url":"https:\/\/www.lamello.hu\/wp-content\/uploads\/2025\/08\/Acerro_fk_Milieu01_16.jpg","type":"image\/jpeg"}],"author":"admin","twitter_card":"summary_large_image","twitter_misc":{"Verfasst von":"admin","Gesch\u00e4tzte Lesezeit":"6\u00a0Minuten"},"schema":{"@context":"https:\/\/schema.org","@graph":[{"@type":"WebPage","@id":"https:\/\/www.lamello.hu\/de\/ueber-uns-lamello-design-und-technologie-in-der-welt-der-designermoebel\/","url":"https:\/\/www.lamello.hu\/de\/ueber-uns-lamello-design-und-technologie-in-der-welt-der-designermoebel\/","name":"\u00dcBER UNS: Lamello, Design und Technologie in der Welt der Designerm\u00f6bel - Lamello","isPartOf":{"@id":"https:\/\/www.lamello.hu\/#website"},"primaryImageOfPage":{"@id":"https:\/\/www.lamello.hu\/de\/ueber-uns-lamello-design-und-technologie-in-der-welt-der-designermoebel\/#primaryimage"},"image":{"@id":"https:\/\/www.lamello.hu\/de\/ueber-uns-lamello-design-und-technologie-in-der-welt-der-designermoebel\/#primaryimage"},"thumbnailUrl":"https:\/\/www.lamello.hu\/wp-content\/uploads\/2025\/08\/Acerro_fk_Milieu01_16.jpg","datePublished":"2025-09-05T12:35:08+00:00","author":{"@id":"https:\/\/www.lamello.hu\/#\/schema\/person\/064551f5815fb03895ce9cfc3c1197b0"},"breadcrumb":{"@id":"https:\/\/www.lamello.hu\/de\/ueber-uns-lamello-design-und-technologie-in-der-welt-der-designermoebel\/#breadcrumb"},"inLanguage":"de","potentialAction":[{"@type":"ReadAction","target":["https:\/\/www.lamello.hu\/de\/ueber-uns-lamello-design-und-technologie-in-der-welt-der-designermoebel\/"]}]},{"@type":"ImageObject","inLanguage":"de","@id":"https:\/\/www.lamello.hu\/de\/ueber-uns-lamello-design-und-technologie-in-der-welt-der-designermoebel\/#primaryimage","url":"https:\/\/www.lamello.hu\/wp-content\/uploads\/2025\/08\/Acerro_fk_Milieu01_16.jpg","contentUrl":"https:\/\/www.lamello.hu\/wp-content\/uploads\/2025\/08\/Acerro_fk_Milieu01_16.jpg","width":1920,"height":1195},{"@type":"BreadcrumbList","@id":"https:\/\/www.lamello.hu\/de\/ueber-uns-lamello-design-und-technologie-in-der-welt-der-designermoebel\/#breadcrumb","itemListElement":[{"@type":"ListItem","position":1,"name":"Home","item":"https:\/\/www.lamello.hu\/de\/"},{"@type":"ListItem","position":2,"name":"\u00dcBER UNS: Lamello, Design und Technologie in der Welt der Designerm\u00f6bel"}]},{"@type":"WebSite","@id":"https:\/\/www.lamello.hu\/#website","url":"https:\/\/www.lamello.hu\/","name":"Lamello","description":"B\u00fator","potentialAction":[{"@type":"SearchAction","target":{"@type":"EntryPoint","urlTemplate":"https:\/\/www.lamello.hu\/?s={search_term_string}"},"query-input":{"@type":"PropertyValueSpecification","valueRequired":true,"valueName":"search_term_string"}}],"inLanguage":"de"},{"@type":"Person","@id":"https:\/\/www.lamello.hu\/#\/schema\/person\/064551f5815fb03895ce9cfc3c1197b0","name":"admin","image":{"@type":"ImageObject","inLanguage":"de","@id":"https:\/\/www.lamello.hu\/#\/schema\/person\/image\/","url":"https:\/\/secure.gravatar.com\/avatar\/b9440a01acbe311cd19761ceb78ceb8d42f3e23a7bbebb88db6e641440f8db40?s=96&d=mm&r=g","contentUrl":"https:\/\/secure.gravatar.com\/avatar\/b9440a01acbe311cd19761ceb78ceb8d42f3e23a7bbebb88db6e641440f8db40?s=96&d=mm&r=g","caption":"admin"},"url":"https:\/\/www.lamello.hu\/de\/author\/admin\/"}]}},"_links":{"self":[{"href":"https:\/\/www.lamello.hu\/de\/wp-json\/wp\/v2\/posts\/16163","targetHints":{"allow":["GET"]}}],"collection":[{"href":"https:\/\/www.lamello.hu\/de\/wp-json\/wp\/v2\/posts"}],"about":[{"href":"https:\/\/www.lamello.hu\/de\/wp-json\/wp\/v2\/types\/post"}],"author":[{"embeddable":true,"href":"https:\/\/www.lamello.hu\/de\/wp-json\/wp\/v2\/users\/1"}],"replies":[{"embeddable":true,"href":"https:\/\/www.lamello.hu\/de\/wp-json\/wp\/v2\/comments?post=16163"}],"version-history":[{"count":0,"href":"https:\/\/www.lamello.hu\/de\/wp-json\/wp\/v2\/posts\/16163\/revisions"}],"wp:featuredmedia":[{"embeddable":true,"href":"https:\/\/www.lamello.hu\/de\/wp-json\/wp\/v2\/media\/15909"}],"wp:attachment":[{"href":"https:\/\/www.lamello.hu\/de\/wp-json\/wp\/v2\/media?parent=16163"}],"wp:term":[{"taxonomy":"category","embeddable":true,"href":"https:\/\/www.lamello.hu\/de\/wp-json\/wp\/v2\/categories?post=16163"},{"taxonomy":"post_tag","embeddable":true,"href":"https:\/\/www.lamello.hu\/de\/wp-json\/wp\/v2\/tags?post=16163"}],"curies":[{"name":"wp","href":"https:\/\/api.w.org\/{rel}","templated":true}]}}